{"id":65205,"date":"2026-04-19T09:51:01","date_gmt":"2026-04-19T09:51:01","guid":{"rendered":"https:\/\/www.salas.plus\/?p=65205"},"modified":"2026-04-27T12:31:27","modified_gmt":"2026-04-27T12:31:27","slug":"trenta-companys-i-companyes-de-grupo-salas-han-participat-en-la-marxa-solidaria-oxfam-intermon-trailwalker-aconseguint-recaptar-mes-de-3-000-e","status":"publish","type":"post","link":"https:\/\/www.salas.plus\/ca\/trenta-companys-i-companyes-de-grupo-salas-han-participat-en-la-marxa-solidaria-oxfam-intermon-trailwalker-aconseguint-recaptar-mes-de-3-000-e\/","title":{"rendered":"Trenta companys i companyes de Grupo SALAS han participat en la marxa solid\u00e0ria Oxfam Interm\u00f3n Trailwalker, aconseguint recaptar m\u00e9s de 3.000 \u20ac"},"content":{"rendered":"<div class=\"fusion-fullwidth fullwidth-box fusion-builder-row-1 fusion-flex-container has-pattern-background has-mask-background nonhundred-percent-fullwidth non-hundred-percent-height-scrolling\" style=\"--awb-border-radius-top-left:0px;--awb-border-radius-top-right:0px;--awb-border-radius-bottom-right:0px;--awb-border-radius-bottom-left:0px;--awb-flex-wrap:wrap;\" ><div class=\"fusion-builder-row fusion-row fusion-flex-align-items-flex-start fusion-flex-content-wrap\" style=\"max-width:1248px;margin-left: calc(-4% \/ 2 );margin-right: calc(-4% \/ 2 );\"><div class=\"fusion-layout-column fusion_builder_column fusion-builder-column-0 fusion_builder_column_1_1 1_1 fusion-flex-column\" style=\"--awb-bg-size:cover;--awb-width-large:100%;--awb-margin-top-large:0px;--awb-spacing-right-large:1.92%;--awb-margin-bottom-large:0px;--awb-spacing-left-large:1.92%;--awb-width-medium:100%;--awb-order-medium:0;--awb-spacing-right-medium:1.92%;--awb-spacing-left-medium:1.92%;--awb-width-small:100%;--awb-order-small:0;--awb-spacing-right-small:1.92%;--awb-spacing-left-small:1.92%;\"><div class=\"fusion-column-wrapper fusion-column-has-shadow fusion-flex-justify-content-flex-start fusion-content-layout-column\"><div class=\"fusion-image-element \" style=\"--awb-caption-title-font-family:var(--h2_typography-font-family);--awb-caption-title-font-weight:var(--h2_typography-font-weight);--awb-caption-title-font-style:var(--h2_typography-font-style);--awb-caption-title-size:var(--h2_typography-font-size);--awb-caption-title-transform:var(--h2_typography-text-transform);--awb-caption-title-line-height:var(--h2_typography-line-height);--awb-caption-title-letter-spacing:var(--h2_typography-letter-spacing);\"><span class=\" fusion-imageframe imageframe-none imageframe-1 hover-type-none\"><img decoding=\"async\" width=\"1024\" height=\"768\" title=\"Blog-SALAS-Oxfam-2026 (5)\" src=\"https:\/\/www.salas.plus\/wp-content\/uploads\/2026\/04\/Blog-SALAS-Oxfam-2026-5.jpg\" alt class=\"img-responsive wp-image-65254\" srcset=\"https:\/\/www.salas.plus\/wp-content\/uploads\/2026\/04\/Blog-SALAS-Oxfam-2026-5-200x150.jpg 200w, https:\/\/www.salas.plus\/wp-content\/uploads\/2026\/04\/Blog-SALAS-Oxfam-2026-5-400x300.jpg 400w, https:\/\/www.salas.plus\/wp-content\/uploads\/2026\/04\/Blog-SALAS-Oxfam-2026-5-600x450.jpg 600w, https:\/\/www.salas.plus\/wp-content\/uploads\/2026\/04\/Blog-SALAS-Oxfam-2026-5-800x600.jpg 800w, https:\/\/www.salas.plus\/wp-content\/uploads\/2026\/04\/Blog-SALAS-Oxfam-2026-5.jpg 1024w\" sizes=\"(max-width: 1024px) 100vw, (max-width: 640px) 100vw, 1024px\" \/><\/span><\/div><div class=\"fusion-text fusion-text-1\" style=\"--awb-margin-top:20px;\"><h2><strong>Trenta companys i companyes de Grupo SALAS han participat en la marxa solid\u00e0ria Oxfam Interm\u00f3n Trailwalker, aconseguint recaptar m\u00e9s de 3.000 \u20ac<\/strong><\/h2>\n<\/div><div class=\"fusion-text fusion-text-2\" style=\"--awb-margin-top:20px;\"><p>Aquest cap de setmana, m\u00e9s de 30 companys i companyes de Grupo SALAS han participat en la marxa solid\u00e0ria Oxfam Interm\u00f3n Trailwalker, aconseguint recaptar m\u00e9s de 3.000 \u20ac per portar aigua potable a comunitats afectades per la crisi clim\u00e0tica i la pobresa.<\/p>\n<p>Des de Grupo SALAS estem molt contents d\u2019haver donat suport a aquesta marxa perqu\u00e8, a m\u00e9s de l\u2019impacte en el benestar f\u00edsic i psicoemocional de les nostres persones, cada quil\u00f2metre recorregut va reflectir l\u2019energia, el companyerisme i el comprom\u00eds dels nostres equips, impulsant-los a creuar la meta units per una bona causa.<\/p>\n<p>Enhorabona a tots els companys i companyes, i gr\u00e0cies per representar els valors de Grupo SALAS, contribuir a construir un futur millor i portar aigua neta all\u00e0 on m\u00e9s es necessita!<\/p>\n<\/div><div class=\"awb-gallery-wrapper awb-gallery-wrapper-1 button-span-no\" style=\"--more-btn-alignment:center;\"><div style=\"margin:-5px;--awb-bordersize:0px;\" class=\"fusion-gallery fusion-gallery-container fusion-grid-3 fusion-columns-total-6 fusion-gallery-layout-grid fusion-gallery-1\"><div style=\"padding:5px;\" class=\"fusion-grid-column fusion-gallery-column fusion-gallery-column-3 hover-type-none\"><div class=\"fusion-gallery-image\"><a href=\"https:\/\/www.salas.plus\/wp-content\/uploads\/2026\/04\/Blog-SALAS-Oxfam-2026-5.jpg\" rel=\"noreferrer\" data-rel=\"iLightbox[gallery_image_1]\" class=\"fusion-lightbox\" target=\"_self\"><img decoding=\"async\" src=\"https:\/\/www.salas.plus\/wp-content\/uploads\/2026\/04\/Blog-SALAS-Oxfam-2026-5-460x295.jpg\" width=\"460\" height=\"295\" alt=\"\" title=\"Blog-SALAS-Oxfam-2026 (5)\" aria-label=\"Blog-SALAS-Oxfam-2026 (5)\" class=\"img-responsive wp-image-65254 fusion-gallery-image-size-fixed\"  \/><\/a><\/div><\/div><div style=\"padding:5px;\" class=\"fusion-grid-column fusion-gallery-column fusion-gallery-column-3 hover-type-none\"><div class=\"fusion-gallery-image\"><a href=\"https:\/\/www.salas.plus\/wp-content\/uploads\/2026\/04\/Blog-SALAS-Oxfam-2026-1.jpeg\" rel=\"noreferrer\" data-rel=\"iLightbox[gallery_image_1]\" class=\"fusion-lightbox\" target=\"_self\"><img decoding=\"async\" src=\"https:\/\/www.salas.plus\/wp-content\/uploads\/2026\/04\/Blog-SALAS-Oxfam-2026-1-460x295.jpeg\" width=\"460\" height=\"295\" alt=\"\" title=\"Blog-SALAS-Oxfam-2026 (1)\" aria-label=\"Blog-SALAS-Oxfam-2026 (1)\" class=\"img-responsive wp-image-65249 fusion-gallery-image-size-fixed\"  \/><\/a><\/div><\/div><div style=\"padding:5px;\" class=\"fusion-grid-column fusion-gallery-column fusion-gallery-column-3 hover-type-none\"><div class=\"fusion-gallery-image\"><a href=\"https:\/\/www.salas.plus\/wp-content\/uploads\/2026\/04\/Blog-SALAS-Oxfam-2026-1-3.jpg\" rel=\"noreferrer\" data-rel=\"iLightbox[gallery_image_1]\" class=\"fusion-lightbox\" target=\"_self\"><img decoding=\"async\" src=\"https:\/\/www.salas.plus\/wp-content\/uploads\/2026\/04\/Blog-SALAS-Oxfam-2026-1-3-460x295.jpg\" width=\"460\" height=\"295\" alt=\"\" title=\"Blog-SALAS-Oxfam-2026 (1)\" aria-label=\"Blog-SALAS-Oxfam-2026 (1)\" class=\"img-responsive wp-image-65250 fusion-gallery-image-size-fixed\"  \/><\/a><\/div><\/div><div class=\"clearfix\"><\/div><div style=\"padding:5px;\" class=\"fusion-grid-column fusion-gallery-column fusion-gallery-column-3 hover-type-none\"><div class=\"fusion-gallery-image\"><a href=\"https:\/\/www.salas.plus\/wp-content\/uploads\/2026\/04\/Blog-SALAS-Oxfam-2026-2.jpg\" rel=\"noreferrer\" data-rel=\"iLightbox[gallery_image_1]\" class=\"fusion-lightbox\" target=\"_self\"><img decoding=\"async\" src=\"https:\/\/www.salas.plus\/wp-content\/uploads\/2026\/04\/Blog-SALAS-Oxfam-2026-2-460x295.jpg\" width=\"460\" height=\"295\" alt=\"\" title=\"Blog-SALAS-Oxfam-2026 (2)\" aria-label=\"Blog-SALAS-Oxfam-2026 (2)\" class=\"img-responsive wp-image-65251 fusion-gallery-image-size-fixed\"  \/><\/a><\/div><\/div><div style=\"padding:5px;\" class=\"fusion-grid-column fusion-gallery-column fusion-gallery-column-3 hover-type-none\"><div class=\"fusion-gallery-image\"><a href=\"https:\/\/www.salas.plus\/wp-content\/uploads\/2026\/04\/Blog-SALAS-Oxfam-2026-3.jpg\" rel=\"noreferrer\" data-rel=\"iLightbox[gallery_image_1]\" class=\"fusion-lightbox\" target=\"_self\"><img decoding=\"async\" src=\"https:\/\/www.salas.plus\/wp-content\/uploads\/2026\/04\/Blog-SALAS-Oxfam-2026-3-460x295.jpg\" width=\"460\" height=\"295\" alt=\"\" title=\"Blog-SALAS-Oxfam-2026 (3)\" aria-label=\"Blog-SALAS-Oxfam-2026 (3)\" class=\"img-responsive wp-image-65252 fusion-gallery-image-size-fixed\"  \/><\/a><\/div><\/div><div style=\"padding:5px;\" class=\"fusion-grid-column fusion-gallery-column fusion-gallery-column-3 hover-type-none\"><div class=\"fusion-gallery-image\"><a href=\"https:\/\/www.salas.plus\/wp-content\/uploads\/2026\/04\/Blog-SALAS-Oxfam-2026-4.jpg\" rel=\"noreferrer\" data-rel=\"iLightbox[gallery_image_1]\" class=\"fusion-lightbox\" target=\"_self\"><img decoding=\"async\" src=\"https:\/\/www.salas.plus\/wp-content\/uploads\/2026\/04\/Blog-SALAS-Oxfam-2026-4-460x295.jpg\" width=\"460\" height=\"295\" alt=\"\" title=\"Blog-SALAS-Oxfam-2026 (4)\" aria-label=\"Blog-SALAS-Oxfam-2026 (4)\" class=\"img-responsive wp-image-65253 fusion-gallery-image-size-fixed\"  \/><\/a><\/div><\/div><div class=\"clearfix\"><\/div><\/div><\/div><\/div><\/div><\/div><\/div>\n","protected":false},"excerpt":{"rendered":"<p>Aquest cap de setmana, m\u00e9s de 30 companys i companyes de Grupo SALAS han participat en la marxa solid\u00e0ria Oxfam Interm\u00f3n Trailwalker, aconseguint recaptar m\u00e9s de 3.000 \u20ac per portar aigua potable a comunitats afectades per la crisi clim\u00e0tica i la pobresa.<\/p>\n","protected":false},"author":1,"featured_media":65247,"comment_status":"closed","ping_status":"open","sticky":false,"template":"","format":"standard","meta":{"footnotes":""},"categories":[283,524],"tags":[],"class_list":["post-65205","post","type-post","status-publish","format-standard","has-post-thumbnail","hentry","category-actualitat","category-grup-salas"],"yoast_head":"<!-- This site is optimized with the Yoast SEO plugin v27.4 - https:\/\/yoast.com\/product\/yoast-seo-wordpress\/ -->\n<title>Trenta companys i companyes de Grupo SALAS han participat en la marxa solid\u00e0ria Oxfam Interm\u00f3n Trailwalker, aconseguint recaptar m\u00e9s de 3.000 \u20ac - SALAS<\/title>\n<meta name=\"description\" content=\"Aquest cap de setmana, m\u00e9s de 30 companys i companyes de Grupo SALAS han participat en la marxa solid\u00e0ria Oxfam Interm\u00f3n Trailwalker, aconseguint recaptar m\u00e9s de 3.000 \u20ac per portar aigua potable a comunitats afectades per la crisi clim\u00e0tica i la pobresa.\" \/>\n<meta name=\"robots\" content=\"index, follow, max-snippet:-1, max-image-preview:large, max-video-preview:-1\" \/>\n<link rel=\"canonical\" href=\"https:\/\/www.salas.plus\/ca\/trenta-companys-i-companyes-de-grupo-salas-han-participat-en-la-marxa-solidaria-oxfam-intermon-trailwalker-aconseguint-recaptar-mes-de-3-000-e\/\" \/>\n<meta property=\"og:locale\" content=\"ca_ES\" \/>\n<meta property=\"og:type\" content=\"article\" \/>\n<meta property=\"og:title\" content=\"Trenta companys i companyes de Grupo SALAS han participat en la marxa solid\u00e0ria Oxfam Interm\u00f3n Trailwalker, aconseguint recaptar m\u00e9s de 3.000 \u20ac - SALAS\" \/>\n<meta property=\"og:description\" content=\"Aquest cap de setmana, m\u00e9s de 30 companys i companyes de Grupo SALAS han participat en la marxa solid\u00e0ria Oxfam Interm\u00f3n Trailwalker, aconseguint recaptar m\u00e9s de 3.000 \u20ac per portar aigua potable a comunitats afectades per la crisi clim\u00e0tica i la pobresa.\" \/>\n<meta property=\"og:url\" content=\"https:\/\/www.salas.plus\/ca\/trenta-companys-i-companyes-de-grupo-salas-han-participat-en-la-marxa-solidaria-oxfam-intermon-trailwalker-aconseguint-recaptar-mes-de-3-000-e\/\" \/>\n<meta property=\"og:site_name\" content=\"SALAS\" \/>\n<meta property=\"article:published_time\" content=\"2026-04-19T09:51:01+00:00\" \/>\n<meta property=\"article:modified_time\" content=\"2026-04-27T12:31:27+00:00\" \/>\n<meta property=\"og:image\" content=\"https:\/\/www.salas.plus\/wp-content\/uploads\/2026\/04\/Blog-SALAS-Oxfam-2026-1-2.jpg\" \/>\n\t<meta property=\"og:image:width\" content=\"1024\" \/>\n\t<meta property=\"og:image:height\" content=\"768\" \/>\n\t<meta property=\"og:image:type\" content=\"image\/jpeg\" \/>\n<meta name=\"author\" content=\"@dminSalas\" \/>\n<meta name=\"twitter:card\" content=\"summary_large_image\" \/>\n<meta name=\"twitter:label1\" content=\"Escrit per\" \/>\n\t<meta name=\"twitter:data1\" content=\"@dminSalas\" \/>\n\t<meta name=\"twitter:label2\" content=\"Temps estimat de lectura\" \/>\n\t<meta name=\"twitter:data2\" content=\"3 minuts\" \/>\n<script type=\"application\/ld+json\" class=\"yoast-schema-graph\">{\"@context\":\"https:\\\/\\\/schema.org\",\"@graph\":[{\"@type\":\"Article\",\"@id\":\"https:\\\/\\\/www.salas.plus\\\/ca\\\/trenta-companys-i-companyes-de-grupo-salas-han-participat-en-la-marxa-solidaria-oxfam-intermon-trailwalker-aconseguint-recaptar-mes-de-3-000-e\\\/#article\",\"isPartOf\":{\"@id\":\"https:\\\/\\\/www.salas.plus\\\/ca\\\/trenta-companys-i-companyes-de-grupo-salas-han-participat-en-la-marxa-solidaria-oxfam-intermon-trailwalker-aconseguint-recaptar-mes-de-3-000-e\\\/\"},\"author\":{\"name\":\"@dminSalas\",\"@id\":\"https:\\\/\\\/www.salas.plus\\\/#\\\/schema\\\/person\\\/672fcb996d0adffe813e1f8a274cee88\"},\"headline\":\"Trenta companys i companyes de Grupo SALAS han participat en la marxa solid\u00e0ria Oxfam Interm\u00f3n Trailwalker, aconseguint recaptar m\u00e9s de 3.000 \u20ac\",\"datePublished\":\"2026-04-19T09:51:01+00:00\",\"dateModified\":\"2026-04-27T12:31:27+00:00\",\"mainEntityOfPage\":{\"@id\":\"https:\\\/\\\/www.salas.plus\\\/ca\\\/trenta-companys-i-companyes-de-grupo-salas-han-participat-en-la-marxa-solidaria-oxfam-intermon-trailwalker-aconseguint-recaptar-mes-de-3-000-e\\\/\"},\"wordCount\":2067,\"publisher\":{\"@id\":\"https:\\\/\\\/www.salas.plus\\\/#organization\"},\"image\":{\"@id\":\"https:\\\/\\\/www.salas.plus\\\/ca\\\/trenta-companys-i-companyes-de-grupo-salas-han-participat-en-la-marxa-solidaria-oxfam-intermon-trailwalker-aconseguint-recaptar-mes-de-3-000-e\\\/#primaryimage\"},\"thumbnailUrl\":\"https:\\\/\\\/www.salas.plus\\\/wp-content\\\/uploads\\\/2026\\\/04\\\/Blog-SALAS-Oxfam-2026-1-2.jpg\",\"articleSection\":[\"Actualitat\",\"Grup SALAS\"],\"inLanguage\":\"ca\"},{\"@type\":\"WebPage\",\"@id\":\"https:\\\/\\\/www.salas.plus\\\/ca\\\/trenta-companys-i-companyes-de-grupo-salas-han-participat-en-la-marxa-solidaria-oxfam-intermon-trailwalker-aconseguint-recaptar-mes-de-3-000-e\\\/\",\"url\":\"https:\\\/\\\/www.salas.plus\\\/ca\\\/trenta-companys-i-companyes-de-grupo-salas-han-participat-en-la-marxa-solidaria-oxfam-intermon-trailwalker-aconseguint-recaptar-mes-de-3-000-e\\\/\",\"name\":\"Trenta companys i companyes de Grupo SALAS han participat en la marxa solid\u00e0ria Oxfam Interm\u00f3n Trailwalker, aconseguint recaptar m\u00e9s de 3.000 \u20ac - SALAS\",\"isPartOf\":{\"@id\":\"https:\\\/\\\/www.salas.plus\\\/#website\"},\"primaryImageOfPage\":{\"@id\":\"https:\\\/\\\/www.salas.plus\\\/ca\\\/trenta-companys-i-companyes-de-grupo-salas-han-participat-en-la-marxa-solidaria-oxfam-intermon-trailwalker-aconseguint-recaptar-mes-de-3-000-e\\\/#primaryimage\"},\"image\":{\"@id\":\"https:\\\/\\\/www.salas.plus\\\/ca\\\/trenta-companys-i-companyes-de-grupo-salas-han-participat-en-la-marxa-solidaria-oxfam-intermon-trailwalker-aconseguint-recaptar-mes-de-3-000-e\\\/#primaryimage\"},\"thumbnailUrl\":\"https:\\\/\\\/www.salas.plus\\\/wp-content\\\/uploads\\\/2026\\\/04\\\/Blog-SALAS-Oxfam-2026-1-2.jpg\",\"datePublished\":\"2026-04-19T09:51:01+00:00\",\"dateModified\":\"2026-04-27T12:31:27+00:00\",\"description\":\"Aquest cap de setmana, m\u00e9s de 30 companys i companyes de Grupo SALAS han participat en la marxa solid\u00e0ria Oxfam Interm\u00f3n Trailwalker, aconseguint recaptar m\u00e9s de 3.000 \u20ac per portar aigua potable a comunitats afectades per la crisi clim\u00e0tica i la pobresa.\",\"breadcrumb\":{\"@id\":\"https:\\\/\\\/www.salas.plus\\\/ca\\\/trenta-companys-i-companyes-de-grupo-salas-han-participat-en-la-marxa-solidaria-oxfam-intermon-trailwalker-aconseguint-recaptar-mes-de-3-000-e\\\/#breadcrumb\"},\"inLanguage\":\"ca\",\"potentialAction\":[{\"@type\":\"ReadAction\",\"target\":[\"https:\\\/\\\/www.salas.plus\\\/ca\\\/trenta-companys-i-companyes-de-grupo-salas-han-participat-en-la-marxa-solidaria-oxfam-intermon-trailwalker-aconseguint-recaptar-mes-de-3-000-e\\\/\"]}]},{\"@type\":\"ImageObject\",\"inLanguage\":\"ca\",\"@id\":\"https:\\\/\\\/www.salas.plus\\\/ca\\\/trenta-companys-i-companyes-de-grupo-salas-han-participat-en-la-marxa-solidaria-oxfam-intermon-trailwalker-aconseguint-recaptar-mes-de-3-000-e\\\/#primaryimage\",\"url\":\"https:\\\/\\\/www.salas.plus\\\/wp-content\\\/uploads\\\/2026\\\/04\\\/Blog-SALAS-Oxfam-2026-1-2.jpg\",\"contentUrl\":\"https:\\\/\\\/www.salas.plus\\\/wp-content\\\/uploads\\\/2026\\\/04\\\/Blog-SALAS-Oxfam-2026-1-2.jpg\",\"width\":1024,\"height\":768},{\"@type\":\"BreadcrumbList\",\"@id\":\"https:\\\/\\\/www.salas.plus\\\/ca\\\/trenta-companys-i-companyes-de-grupo-salas-han-participat-en-la-marxa-solidaria-oxfam-intermon-trailwalker-aconseguint-recaptar-mes-de-3-000-e\\\/#breadcrumb\",\"itemListElement\":[{\"@type\":\"ListItem\",\"position\":1,\"name\":\"Home\",\"item\":\"https:\\\/\\\/www.salas.plus\\\/ca\\\/\"},{\"@type\":\"ListItem\",\"position\":2,\"name\":\"Trenta companys i companyes de Grupo SALAS han participat en la marxa solid\u00e0ria Oxfam Interm\u00f3n Trailwalker, aconseguint recaptar m\u00e9s de 3.000 \u20ac\"}]},{\"@type\":\"WebSite\",\"@id\":\"https:\\\/\\\/www.salas.plus\\\/#website\",\"url\":\"https:\\\/\\\/www.salas.plus\\\/\",\"name\":\"SALAS\",\"description\":\"Experts en gesti\u00f3 immobili\u00e0ria\",\"publisher\":{\"@id\":\"https:\\\/\\\/www.salas.plus\\\/#organization\"},\"potentialAction\":[{\"@type\":\"SearchAction\",\"target\":{\"@type\":\"EntryPoint\",\"urlTemplate\":\"https:\\\/\\\/www.salas.plus\\\/?s={search_term_string}\"},\"query-input\":{\"@type\":\"PropertyValueSpecification\",\"valueRequired\":true,\"valueName\":\"search_term_string\"}}],\"inLanguage\":\"ca\"},{\"@type\":\"Organization\",\"@id\":\"https:\\\/\\\/www.salas.plus\\\/#organization\",\"name\":\"Salas\",\"url\":\"https:\\\/\\\/www.salas.plus\\\/\",\"logo\":{\"@type\":\"ImageObject\",\"inLanguage\":\"ca\",\"@id\":\"https:\\\/\\\/www.salas.plus\\\/#\\\/schema\\\/logo\\\/image\\\/\",\"url\":\"https:\\\/\\\/www.salas.plus\\\/wp-content\\\/uploads\\\/2021\\\/02\\\/Logo_SALAS_Vertical.jpg\",\"contentUrl\":\"https:\\\/\\\/www.salas.plus\\\/wp-content\\\/uploads\\\/2021\\\/02\\\/Logo_SALAS_Vertical.jpg\",\"width\":122,\"height\":112,\"caption\":\"Salas\"},\"image\":{\"@id\":\"https:\\\/\\\/www.salas.plus\\\/#\\\/schema\\\/logo\\\/image\\\/\"}},{\"@type\":\"Person\",\"@id\":\"https:\\\/\\\/www.salas.plus\\\/#\\\/schema\\\/person\\\/672fcb996d0adffe813e1f8a274cee88\",\"name\":\"@dminSalas\",\"image\":{\"@type\":\"ImageObject\",\"inLanguage\":\"ca\",\"@id\":\"https:\\\/\\\/secure.gravatar.com\\\/avatar\\\/7f81fa0eabce0bf7241fa5fa49731739ce39c6e77ccf5a6cd38f2f3ba86bad55?s=96&d=mm&r=g\",\"url\":\"https:\\\/\\\/secure.gravatar.com\\\/avatar\\\/7f81fa0eabce0bf7241fa5fa49731739ce39c6e77ccf5a6cd38f2f3ba86bad55?s=96&d=mm&r=g\",\"contentUrl\":\"https:\\\/\\\/secure.gravatar.com\\\/avatar\\\/7f81fa0eabce0bf7241fa5fa49731739ce39c6e77ccf5a6cd38f2f3ba86bad55?s=96&d=mm&r=g\",\"caption\":\"@dminSalas\"},\"url\":\"https:\\\/\\\/www.salas.plus\\\/ca\\\/author\\\/dminsalas\\\/\"}]}<\/script>\n<!-- \/ Yoast SEO plugin. -->","yoast_head_json":{"title":"Trenta companys i companyes de Grupo SALAS han participat en la marxa solid\u00e0ria Oxfam Interm\u00f3n Trailwalker, aconseguint recaptar m\u00e9s de 3.000 \u20ac - SALAS","description":"Aquest cap de setmana, m\u00e9s de 30 companys i companyes de Grupo SALAS han participat en la marxa solid\u00e0ria Oxfam Interm\u00f3n Trailwalker, aconseguint recaptar m\u00e9s de 3.000 \u20ac per portar aigua potable a comunitats afectades per la crisi clim\u00e0tica i la pobresa.","robots":{"index":"index","follow":"follow","max-snippet":"max-snippet:-1","max-image-preview":"max-image-preview:large","max-video-preview":"max-video-preview:-1"},"canonical":"https:\/\/www.salas.plus\/ca\/trenta-companys-i-companyes-de-grupo-salas-han-participat-en-la-marxa-solidaria-oxfam-intermon-trailwalker-aconseguint-recaptar-mes-de-3-000-e\/","og_locale":"ca_ES","og_type":"article","og_title":"Trenta companys i companyes de Grupo SALAS han participat en la marxa solid\u00e0ria Oxfam Interm\u00f3n Trailwalker, aconseguint recaptar m\u00e9s de 3.000 \u20ac - SALAS","og_description":"Aquest cap de setmana, m\u00e9s de 30 companys i companyes de Grupo SALAS han participat en la marxa solid\u00e0ria Oxfam Interm\u00f3n Trailwalker, aconseguint recaptar m\u00e9s de 3.000 \u20ac per portar aigua potable a comunitats afectades per la crisi clim\u00e0tica i la pobresa.","og_url":"https:\/\/www.salas.plus\/ca\/trenta-companys-i-companyes-de-grupo-salas-han-participat-en-la-marxa-solidaria-oxfam-intermon-trailwalker-aconseguint-recaptar-mes-de-3-000-e\/","og_site_name":"SALAS","article_published_time":"2026-04-19T09:51:01+00:00","article_modified_time":"2026-04-27T12:31:27+00:00","og_image":[{"width":1024,"height":768,"url":"https:\/\/www.salas.plus\/wp-content\/uploads\/2026\/04\/Blog-SALAS-Oxfam-2026-1-2.jpg","type":"image\/jpeg"}],"author":"@dminSalas","twitter_card":"summary_large_image","twitter_misc":{"Escrit per":"@dminSalas","Temps estimat de lectura":"3 minuts"},"schema":{"@context":"https:\/\/schema.org","@graph":[{"@type":"Article","@id":"https:\/\/www.salas.plus\/ca\/trenta-companys-i-companyes-de-grupo-salas-han-participat-en-la-marxa-solidaria-oxfam-intermon-trailwalker-aconseguint-recaptar-mes-de-3-000-e\/#article","isPartOf":{"@id":"https:\/\/www.salas.plus\/ca\/trenta-companys-i-companyes-de-grupo-salas-han-participat-en-la-marxa-solidaria-oxfam-intermon-trailwalker-aconseguint-recaptar-mes-de-3-000-e\/"},"author":{"name":"@dminSalas","@id":"https:\/\/www.salas.plus\/#\/schema\/person\/672fcb996d0adffe813e1f8a274cee88"},"headline":"Trenta companys i companyes de Grupo SALAS han participat en la marxa solid\u00e0ria Oxfam Interm\u00f3n Trailwalker, aconseguint recaptar m\u00e9s de 3.000 \u20ac","datePublished":"2026-04-19T09:51:01+00:00","dateModified":"2026-04-27T12:31:27+00:00","mainEntityOfPage":{"@id":"https:\/\/www.salas.plus\/ca\/trenta-companys-i-companyes-de-grupo-salas-han-participat-en-la-marxa-solidaria-oxfam-intermon-trailwalker-aconseguint-recaptar-mes-de-3-000-e\/"},"wordCount":2067,"publisher":{"@id":"https:\/\/www.salas.plus\/#organization"},"image":{"@id":"https:\/\/www.salas.plus\/ca\/trenta-companys-i-companyes-de-grupo-salas-han-participat-en-la-marxa-solidaria-oxfam-intermon-trailwalker-aconseguint-recaptar-mes-de-3-000-e\/#primaryimage"},"thumbnailUrl":"https:\/\/www.salas.plus\/wp-content\/uploads\/2026\/04\/Blog-SALAS-Oxfam-2026-1-2.jpg","articleSection":["Actualitat","Grup SALAS"],"inLanguage":"ca"},{"@type":"WebPage","@id":"https:\/\/www.salas.plus\/ca\/trenta-companys-i-companyes-de-grupo-salas-han-participat-en-la-marxa-solidaria-oxfam-intermon-trailwalker-aconseguint-recaptar-mes-de-3-000-e\/","url":"https:\/\/www.salas.plus\/ca\/trenta-companys-i-companyes-de-grupo-salas-han-participat-en-la-marxa-solidaria-oxfam-intermon-trailwalker-aconseguint-recaptar-mes-de-3-000-e\/","name":"Trenta companys i companyes de Grupo SALAS han participat en la marxa solid\u00e0ria Oxfam Interm\u00f3n Trailwalker, aconseguint recaptar m\u00e9s de 3.000 \u20ac - SALAS","isPartOf":{"@id":"https:\/\/www.salas.plus\/#website"},"primaryImageOfPage":{"@id":"https:\/\/www.salas.plus\/ca\/trenta-companys-i-companyes-de-grupo-salas-han-participat-en-la-marxa-solidaria-oxfam-intermon-trailwalker-aconseguint-recaptar-mes-de-3-000-e\/#primaryimage"},"image":{"@id":"https:\/\/www.salas.plus\/ca\/trenta-companys-i-companyes-de-grupo-salas-han-participat-en-la-marxa-solidaria-oxfam-intermon-trailwalker-aconseguint-recaptar-mes-de-3-000-e\/#primaryimage"},"thumbnailUrl":"https:\/\/www.salas.plus\/wp-content\/uploads\/2026\/04\/Blog-SALAS-Oxfam-2026-1-2.jpg","datePublished":"2026-04-19T09:51:01+00:00","dateModified":"2026-04-27T12:31:27+00:00","description":"Aquest cap de setmana, m\u00e9s de 30 companys i companyes de Grupo SALAS han participat en la marxa solid\u00e0ria Oxfam Interm\u00f3n Trailwalker, aconseguint recaptar m\u00e9s de 3.000 \u20ac per portar aigua potable a comunitats afectades per la crisi clim\u00e0tica i la pobresa.","breadcrumb":{"@id":"https:\/\/www.salas.plus\/ca\/trenta-companys-i-companyes-de-grupo-salas-han-participat-en-la-marxa-solidaria-oxfam-intermon-trailwalker-aconseguint-recaptar-mes-de-3-000-e\/#breadcrumb"},"inLanguage":"ca","potentialAction":[{"@type":"ReadAction","target":["https:\/\/www.salas.plus\/ca\/trenta-companys-i-companyes-de-grupo-salas-han-participat-en-la-marxa-solidaria-oxfam-intermon-trailwalker-aconseguint-recaptar-mes-de-3-000-e\/"]}]},{"@type":"ImageObject","inLanguage":"ca","@id":"https:\/\/www.salas.plus\/ca\/trenta-companys-i-companyes-de-grupo-salas-han-participat-en-la-marxa-solidaria-oxfam-intermon-trailwalker-aconseguint-recaptar-mes-de-3-000-e\/#primaryimage","url":"https:\/\/www.salas.plus\/wp-content\/uploads\/2026\/04\/Blog-SALAS-Oxfam-2026-1-2.jpg","contentUrl":"https:\/\/www.salas.plus\/wp-content\/uploads\/2026\/04\/Blog-SALAS-Oxfam-2026-1-2.jpg","width":1024,"height":768},{"@type":"BreadcrumbList","@id":"https:\/\/www.salas.plus\/ca\/trenta-companys-i-companyes-de-grupo-salas-han-participat-en-la-marxa-solidaria-oxfam-intermon-trailwalker-aconseguint-recaptar-mes-de-3-000-e\/#breadcrumb","itemListElement":[{"@type":"ListItem","position":1,"name":"Home","item":"https:\/\/www.salas.plus\/ca\/"},{"@type":"ListItem","position":2,"name":"Trenta companys i companyes de Grupo SALAS han participat en la marxa solid\u00e0ria Oxfam Interm\u00f3n Trailwalker, aconseguint recaptar m\u00e9s de 3.000 \u20ac"}]},{"@type":"WebSite","@id":"https:\/\/www.salas.plus\/#website","url":"https:\/\/www.salas.plus\/","name":"SALAS","description":"Experts en gesti\u00f3 immobili\u00e0ria","publisher":{"@id":"https:\/\/www.salas.plus\/#organization"},"potentialAction":[{"@type":"SearchAction","target":{"@type":"EntryPoint","urlTemplate":"https:\/\/www.salas.plus\/?s={search_term_string}"},"query-input":{"@type":"PropertyValueSpecification","valueRequired":true,"valueName":"search_term_string"}}],"inLanguage":"ca"},{"@type":"Organization","@id":"https:\/\/www.salas.plus\/#organization","name":"Salas","url":"https:\/\/www.salas.plus\/","logo":{"@type":"ImageObject","inLanguage":"ca","@id":"https:\/\/www.salas.plus\/#\/schema\/logo\/image\/","url":"https:\/\/www.salas.plus\/wp-content\/uploads\/2021\/02\/Logo_SALAS_Vertical.jpg","contentUrl":"https:\/\/www.salas.plus\/wp-content\/uploads\/2021\/02\/Logo_SALAS_Vertical.jpg","width":122,"height":112,"caption":"Salas"},"image":{"@id":"https:\/\/www.salas.plus\/#\/schema\/logo\/image\/"}},{"@type":"Person","@id":"https:\/\/www.salas.plus\/#\/schema\/person\/672fcb996d0adffe813e1f8a274cee88","name":"@dminSalas","image":{"@type":"ImageObject","inLanguage":"ca","@id":"https:\/\/secure.gravatar.com\/avatar\/7f81fa0eabce0bf7241fa5fa49731739ce39c6e77ccf5a6cd38f2f3ba86bad55?s=96&d=mm&r=g","url":"https:\/\/secure.gravatar.com\/avatar\/7f81fa0eabce0bf7241fa5fa49731739ce39c6e77ccf5a6cd38f2f3ba86bad55?s=96&d=mm&r=g","contentUrl":"https:\/\/secure.gravatar.com\/avatar\/7f81fa0eabce0bf7241fa5fa49731739ce39c6e77ccf5a6cd38f2f3ba86bad55?s=96&d=mm&r=g","caption":"@dminSalas"},"url":"https:\/\/www.salas.plus\/ca\/author\/dminsalas\/"}]}},"_links":{"self":[{"href":"https:\/\/www.salas.plus\/ca\/wp-json\/wp\/v2\/posts\/65205","targetHints":{"allow":["GET"]}}],"collection":[{"href":"https:\/\/www.salas.plus\/ca\/wp-json\/wp\/v2\/posts"}],"about":[{"href":"https:\/\/www.salas.plus\/ca\/wp-json\/wp\/v2\/types\/post"}],"author":[{"embeddable":true,"href":"https:\/\/www.salas.plus\/ca\/wp-json\/wp\/v2\/users\/1"}],"replies":[{"embeddable":true,"href":"https:\/\/www.salas.plus\/ca\/wp-json\/wp\/v2\/comments?post=65205"}],"version-history":[{"count":4,"href":"https:\/\/www.salas.plus\/ca\/wp-json\/wp\/v2\/posts\/65205\/revisions"}],"predecessor-version":[{"id":65265,"href":"https:\/\/www.salas.plus\/ca\/wp-json\/wp\/v2\/posts\/65205\/revisions\/65265"}],"wp:featuredmedia":[{"embeddable":true,"href":"https:\/\/www.salas.plus\/ca\/wp-json\/wp\/v2\/media\/65247"}],"wp:attachment":[{"href":"https:\/\/www.salas.plus\/ca\/wp-json\/wp\/v2\/media?parent=65205"}],"wp:term":[{"taxonomy":"category","embeddable":true,"href":"https:\/\/www.salas.plus\/ca\/wp-json\/wp\/v2\/categories?post=65205"},{"taxonomy":"post_tag","embeddable":true,"href":"https:\/\/www.salas.plus\/ca\/wp-json\/wp\/v2\/tags?post=65205"}],"curies":[{"name":"wp","href":"https:\/\/api.w.org\/{rel}","templated":true}]}}