{"id":63027,"date":"2025-11-26T11:00:45","date_gmt":"2025-11-26T11:00:45","guid":{"rendered":"https:\/\/www.salas.plus\/?p=63027"},"modified":"2026-03-30T07:29:30","modified_gmt":"2026-03-30T07:29:30","slug":"grup-salas-adquireix-i-acr-adquireixen-empresa-banys-industrialitzats-modulbath","status":"publish","type":"post","link":"https:\/\/www.salas.plus\/ca\/grup-salas-adquireix-i-acr-adquireixen-empresa-banys-industrialitzats-modulbath\/","title":{"rendered":"Grup SALAS i ACR adquireixen l\u2019empresa de banys industrialitzats Modulbath"},"content":{"rendered":"<div class=\"fusion-fullwidth fullwidth-box fusion-builder-row-1 fusion-flex-container has-pattern-background has-mask-background nonhundred-percent-fullwidth non-hundred-percent-height-scrolling\" style=\"--awb-border-radius-top-left:0px;--awb-border-radius-top-right:0px;--awb-border-radius-bottom-right:0px;--awb-border-radius-bottom-left:0px;--awb-flex-wrap:wrap;\" ><div class=\"fusion-builder-row fusion-row fusion-flex-align-items-flex-start fusion-flex-content-wrap\" style=\"max-width:1248px;margin-left: calc(-4% \/ 2 );margin-right: calc(-4% \/ 2 );\"><div class=\"fusion-layout-column fusion_builder_column fusion-builder-column-0 fusion_builder_column_1_1 1_1 fusion-flex-column\" style=\"--awb-bg-size:cover;--awb-width-large:100%;--awb-margin-top-large:0px;--awb-spacing-right-large:1.92%;--awb-margin-bottom-large:0px;--awb-spacing-left-large:1.92%;--awb-width-medium:100%;--awb-order-medium:0;--awb-spacing-right-medium:1.92%;--awb-spacing-left-medium:1.92%;--awb-width-small:100%;--awb-order-small:0;--awb-spacing-right-small:1.92%;--awb-spacing-left-small:1.92%;\"><div class=\"fusion-column-wrapper fusion-column-has-shadow fusion-flex-justify-content-flex-start fusion-content-layout-column\"><div class=\"fusion-image-element \" style=\"--awb-caption-title-font-family:var(--h2_typography-font-family);--awb-caption-title-font-weight:var(--h2_typography-font-weight);--awb-caption-title-font-style:var(--h2_typography-font-style);--awb-caption-title-size:var(--h2_typography-font-size);--awb-caption-title-transform:var(--h2_typography-text-transform);--awb-caption-title-line-height:var(--h2_typography-line-height);--awb-caption-title-letter-spacing:var(--h2_typography-letter-spacing);\"><span class=\" fusion-imageframe imageframe-none imageframe-1 hover-type-none\"><img decoding=\"async\" width=\"1024\" height=\"768\" title=\"Blog-img-destacada-Grupo SALAS adquiere junto a ACR, el 50 % de participaci\u00f3n de Modulbath-1\" src=\"https:\/\/www.salas.plus\/wp-content\/uploads\/2025\/11\/Blog-img-destacada-Grupo-SALAS-adquiere-junto-a-ACR-el-50-de-participacion-de-Modulbath-1.png\" alt class=\"img-responsive wp-image-63158\" srcset=\"https:\/\/www.salas.plus\/wp-content\/uploads\/2025\/11\/Blog-img-destacada-Grupo-SALAS-adquiere-junto-a-ACR-el-50-de-participacion-de-Modulbath-1-200x150.png 200w, https:\/\/www.salas.plus\/wp-content\/uploads\/2025\/11\/Blog-img-destacada-Grupo-SALAS-adquiere-junto-a-ACR-el-50-de-participacion-de-Modulbath-1-400x300.png 400w, https:\/\/www.salas.plus\/wp-content\/uploads\/2025\/11\/Blog-img-destacada-Grupo-SALAS-adquiere-junto-a-ACR-el-50-de-participacion-de-Modulbath-1-600x450.png 600w, https:\/\/www.salas.plus\/wp-content\/uploads\/2025\/11\/Blog-img-destacada-Grupo-SALAS-adquiere-junto-a-ACR-el-50-de-participacion-de-Modulbath-1-800x600.png 800w, https:\/\/www.salas.plus\/wp-content\/uploads\/2025\/11\/Blog-img-destacada-Grupo-SALAS-adquiere-junto-a-ACR-el-50-de-participacion-de-Modulbath-1.png 1024w\" sizes=\"(max-width: 1024px) 100vw, (max-width: 640px) 100vw, 1024px\" \/><\/span><\/div><div class=\"fusion-text fusion-text-1\" style=\"--awb-margin-top:20px;\"><h2><strong>Grup SALAS i ACR adquireixen l\u2019empresa de banys industrialitzats Modulbath<\/strong><\/h2>\n<\/div><div class=\"fusion-text fusion-text-2\" style=\"--awb-margin-top:20px;\"><p>Grup SALAS i ACR Grupo han adquirit l\u2019empresa de banys industrialitzats Modulbath amb una participaci\u00f3 del 50%, respectivament, amb l\u2019objectiu de garantir part del subministrament dels seus propis projectes, han informat avui ambdues companyies.<\/p>\n<p>Modulbath compta amb una planta ubicada a Vilafranca del Pened\u00e8s (Barcelona), des de la qual dona servei a nivell estatal, amb una superf\u00edcie de m\u00e9s de 5.000 m\u00b2 i una capacitat de producci\u00f3 anual de 2.000 banys, \u00e9s a dir, unes 40 unitats setmanals. Un volum que podria augmentar m\u00e9s endavant. L\u2019empresa ja ha produ\u00eft m\u00e9s de 4.000 banys industrialitzats, molts dels quals han estat destinats a projectes d\u2019habitatge assequible.<\/p>\n<p>Michel Elizalde, president i CEO d\u2019ACR, ha explicat que aquesta inversi\u00f3 \u00e9s un nou pas \u201ccoherent amb l\u2019estrat\u00e8gia\u201d tra\u00e7ada pel grup constructor per oferir \u201cuna plataforma de construcci\u00f3 industrial amb un ampli ventall de sistemes i solucions industrialitzades, tant pr\u00f2pies com de tercers, a trav\u00e9s d\u2019esquemes de propietat, aliances estrat\u00e8giques i col\u00b7laboracions\u201d. \u201cGr\u00e0cies a aquest enfocament, ja hem desenvolupat m\u00e9s de 2.000 unitats residencials industrialitzades amb cinc sistemes diferents, i comptem amb processos i solucions industrialitzades en el 100% de les nostres obres\u201d, ha assenyalat Elizalde.<\/p>\n<p>Manel Rodr\u00edguez, soci i CEO del Grup SALAS, ha indicat que \u201cl\u2019adquisici\u00f3 d\u2019aquesta empresa de banys industrialitzats refor\u00e7a l\u2019aposta del Grup SALAS per la industrialitzaci\u00f3 com a eix central de la nostra estrat\u00e8gia. Des del nostre punt de vista, una major industrialitzaci\u00f3 del sector \u00e9s imprescindible per afrontar la manca d\u2019habitatge assequible, ja que permet millorar la qualitat, reduir els temps de construcci\u00f3 i contenir els costos. Aquesta operaci\u00f3 s\u2019emmarca en la nostra pol\u00edtica d\u2019aliances estrat\u00e8giques amb socis que comparteixen una visi\u00f3 transformadora del sector. Al Grup SALAS fa ja diversos anys que incorporem solucions industrialitzades en pr\u00e0cticament la totalitat de les nostres promocions d\u2019habitatge assequible.\u201d<\/p>\n<p>Grup SALAS i ACR han incidit que el seu objectiu a curt i mitj\u00e0 termini \u00e9s aconseguir un control del subministrament d\u2019aquest element clau en la construcci\u00f3 industrialitzada, que, a m\u00e9s, contribueix a una major seguretat en la planificaci\u00f3 i control dels terminis dels seus projectes, en un moment d\u2019elevada demanda al mercat. Per aquest motiu, la major part de la producci\u00f3 de Modulbath estar\u00e0 destinada a projectes propis, encara que tamb\u00e9 dona servei a tercers.<\/p>\n<p>Cal destacar tamb\u00e9 el valor afegit que aporta integrar el doble punt de vista d\u2019una promotora i d\u2019una constructora en els processos de disseny i fabricaci\u00f3 de banys industrialitzats, maximitzant l\u2019efici\u00e8ncia de la producci\u00f3 i la qualitat del producte final. A tot aix\u00f2, s\u2019hi suma que la utilitzaci\u00f3 de banys industrialitzats 3D a les obres no nom\u00e9s proporciona beneficis tangibles en termes de seguretat, salut, inclusi\u00f3 i condicions laborals, sin\u00f3 que tamb\u00e9 permet una planificaci\u00f3 i execuci\u00f3 m\u00e9s eficient, contribuint a l\u2019\u00e8xit general dels projectes de construcci\u00f3. Tot plegat, reduint l\u2019impacte ambiental, ac\u00fastic i visual a les zones urbanes i residencials.<\/p>\n<h3><strong>Sobre SALAS<\/strong><\/h3>\n<p>El Grup SALAS \u00e9s un grup immobiliari amb m\u00e9s de 30 anys d\u2019experi\u00e8ncia especialitzat en la creaci\u00f3 i desenvolupament de projectes immobiliaris residencials, amb una clara vocaci\u00f3 social i una aposta ferma per la construcci\u00f3 industrialitzada, la sostenibilitat i la digitalitzaci\u00f3. Actualment el Grup SALAS compta amb un equip multidisciplinari de m\u00e9s de 400 professionals, pres\u00e8ncia a Catalunya, Madrid i Balears, m\u00e9s de 4.500 habitatges lliurats i m\u00e9s de 3.000 habitatges en curs, sent l\u00edder en producci\u00f3 d\u2019habitatges a Catalunya.<\/p>\n<h3><strong>Sobre ACR<\/strong><\/h3>\n<p><a href=\"https:\/\/acr.es\/\" target=\"_blank\" rel=\"noopener\">ACR<\/a> \u00e9s una innovadora constructora espanyola d\u2019edificaci\u00f3. El seu comprom\u00eds amb la sostenibilitat es concreta en una aposta estrat\u00e8gica per la industrialitzaci\u00f3 i la col\u00b7laboraci\u00f3, que la situa a l\u2019avantguarda de la transformaci\u00f3 del sector. Compta amb sistemes industrialitzats propis i acords estrat\u00e8gics que li han perm\u00e8s construir 2.000 unitats residencials industrialitzades. \u00c9s partner a Espanya del sistema h\u00edbrid de fusta CREE Buildings. Ha desenvolupat m\u00e9s de 20 obres resultat d\u2019un proc\u00e9s col\u00b7laboratiu i \u00e9s una de les poques constructores a Espanya que ha culminat un IPD. T\u00e9 delegacions a Madrid, Navarra, Castella i Lle\u00f3, Pa\u00eds Basc i Arag\u00f3, i una plantilla que supera les 320 persones.<\/p>\n<\/div><div class=\"fusion-image-element \" style=\"text-align:center;--awb-caption-title-font-family:var(--h2_typography-font-family);--awb-caption-title-font-weight:var(--h2_typography-font-weight);--awb-caption-title-font-style:var(--h2_typography-font-style);--awb-caption-title-size:var(--h2_typography-font-size);--awb-caption-title-transform:var(--h2_typography-text-transform);--awb-caption-title-line-height:var(--h2_typography-line-height);--awb-caption-title-letter-spacing:var(--h2_typography-letter-spacing);\"><span class=\" fusion-imageframe imageframe-none imageframe-2 hover-type-none\"><img decoding=\"async\" width=\"701\" height=\"295\" title=\"imagen-1\" src=\"https:\/\/www.salas.plus\/wp-content\/uploads\/2025\/11\/imagen-1.png\" alt class=\"img-responsive wp-image-63159\" srcset=\"https:\/\/www.salas.plus\/wp-content\/uploads\/2025\/11\/imagen-1-200x84.png 200w, https:\/\/www.salas.plus\/wp-content\/uploads\/2025\/11\/imagen-1-400x168.png 400w, https:\/\/www.salas.plus\/wp-content\/uploads\/2025\/11\/imagen-1-600x252.png 600w, https:\/\/www.salas.plus\/wp-content\/uploads\/2025\/11\/imagen-1.png 701w\" sizes=\"(max-width: 1024px) 100vw, (max-width: 640px) 100vw, 701px\" \/><\/span><\/div><\/div><\/div><\/div><\/div>\n","protected":false},"excerpt":{"rendered":"","protected":false},"author":12,"featured_media":63158,"comment_status":"closed","ping_status":"open","sticky":false,"template":"","format":"standard","meta":{"footnotes":""},"categories":[283,524],"tags":[],"class_list":["post-63027","post","type-post","status-publish","format-standard","has-post-thumbnail","hentry","category-actualitat","category-grup-salas"],"yoast_head":"<!-- This site is optimized with the Yoast SEO plugin v27.5 - https:\/\/yoast.com\/product\/yoast-seo-wordpress\/ -->\n<title>Grup SALAS i ACR adquireixen l\u2019empresa de banys industrialitzats Modulbath - SALAS<\/title>\n<meta name=\"robots\" content=\"index, follow, max-snippet:-1, max-image-preview:large, max-video-preview:-1\" \/>\n<link rel=\"canonical\" href=\"https:\/\/www.salas.plus\/ca\/grup-salas-adquireix-i-acr-adquireixen-empresa-banys-industrialitzats-modulbath\/\" \/>\n<meta property=\"og:locale\" content=\"ca_ES\" \/>\n<meta property=\"og:type\" content=\"article\" \/>\n<meta property=\"og:title\" content=\"Grup SALAS i ACR adquireixen l\u2019empresa de banys industrialitzats Modulbath - SALAS\" \/>\n<meta property=\"og:url\" content=\"https:\/\/www.salas.plus\/ca\/grup-salas-adquireix-i-acr-adquireixen-empresa-banys-industrialitzats-modulbath\/\" \/>\n<meta property=\"og:site_name\" content=\"SALAS\" \/>\n<meta property=\"article:published_time\" content=\"2025-11-26T11:00:45+00:00\" \/>\n<meta property=\"article:modified_time\" content=\"2026-03-30T07:29:30+00:00\" \/>\n<meta property=\"og:image\" content=\"https:\/\/www.salas.plus\/wp-content\/uploads\/2025\/11\/Blog-img-destacada-Grupo-SALAS-adquiere-junto-a-ACR-el-50-de-participacion-de-Modulbath-1.png\" \/>\n\t<meta property=\"og:image:width\" content=\"1024\" \/>\n\t<meta property=\"og:image:height\" content=\"768\" \/>\n\t<meta property=\"og:image:type\" content=\"image\/png\" \/>\n<meta name=\"author\" content=\"Silvia Vera\" \/>\n<meta name=\"twitter:card\" content=\"summary_large_image\" \/>\n<meta name=\"twitter:label1\" content=\"Escrit per\" \/>\n\t<meta name=\"twitter:data1\" content=\"Silvia Vera\" \/>\n\t<meta name=\"twitter:label2\" content=\"Temps estimat de lectura\" \/>\n\t<meta name=\"twitter:data2\" content=\"4 minuts\" \/>\n<script type=\"application\/ld+json\" class=\"yoast-schema-graph\">{\"@context\":\"https:\\\/\\\/schema.org\",\"@graph\":[{\"@type\":\"Article\",\"@id\":\"https:\\\/\\\/www.salas.plus\\\/ca\\\/grup-salas-adquireix-i-acr-adquireixen-empresa-banys-industrialitzats-modulbath\\\/#article\",\"isPartOf\":{\"@id\":\"https:\\\/\\\/www.salas.plus\\\/ca\\\/grup-salas-adquireix-i-acr-adquireixen-empresa-banys-industrialitzats-modulbath\\\/\"},\"author\":{\"name\":\"Silvia Vera\",\"@id\":\"https:\\\/\\\/www.salas.plus\\\/#\\\/schema\\\/person\\\/c2855be104a7d27305dce9c4bfbbdf9d\"},\"headline\":\"Grup SALAS i ACR adquireixen l\u2019empresa de banys industrialitzats Modulbath\",\"datePublished\":\"2025-11-26T11:00:45+00:00\",\"dateModified\":\"2026-03-30T07:29:30+00:00\",\"mainEntityOfPage\":{\"@id\":\"https:\\\/\\\/www.salas.plus\\\/ca\\\/grup-salas-adquireix-i-acr-adquireixen-empresa-banys-industrialitzats-modulbath\\\/\"},\"wordCount\":2547,\"publisher\":{\"@id\":\"https:\\\/\\\/www.salas.plus\\\/#organization\"},\"image\":{\"@id\":\"https:\\\/\\\/www.salas.plus\\\/ca\\\/grup-salas-adquireix-i-acr-adquireixen-empresa-banys-industrialitzats-modulbath\\\/#primaryimage\"},\"thumbnailUrl\":\"https:\\\/\\\/www.salas.plus\\\/wp-content\\\/uploads\\\/2025\\\/11\\\/Blog-img-destacada-Grupo-SALAS-adquiere-junto-a-ACR-el-50-de-participacion-de-Modulbath-1.png\",\"articleSection\":[\"Actualitat\",\"Grup SALAS\"],\"inLanguage\":\"ca\"},{\"@type\":\"WebPage\",\"@id\":\"https:\\\/\\\/www.salas.plus\\\/ca\\\/grup-salas-adquireix-i-acr-adquireixen-empresa-banys-industrialitzats-modulbath\\\/\",\"url\":\"https:\\\/\\\/www.salas.plus\\\/ca\\\/grup-salas-adquireix-i-acr-adquireixen-empresa-banys-industrialitzats-modulbath\\\/\",\"name\":\"Grup SALAS i ACR adquireixen l\u2019empresa de banys industrialitzats Modulbath - SALAS\",\"isPartOf\":{\"@id\":\"https:\\\/\\\/www.salas.plus\\\/#website\"},\"primaryImageOfPage\":{\"@id\":\"https:\\\/\\\/www.salas.plus\\\/ca\\\/grup-salas-adquireix-i-acr-adquireixen-empresa-banys-industrialitzats-modulbath\\\/#primaryimage\"},\"image\":{\"@id\":\"https:\\\/\\\/www.salas.plus\\\/ca\\\/grup-salas-adquireix-i-acr-adquireixen-empresa-banys-industrialitzats-modulbath\\\/#primaryimage\"},\"thumbnailUrl\":\"https:\\\/\\\/www.salas.plus\\\/wp-content\\\/uploads\\\/2025\\\/11\\\/Blog-img-destacada-Grupo-SALAS-adquiere-junto-a-ACR-el-50-de-participacion-de-Modulbath-1.png\",\"datePublished\":\"2025-11-26T11:00:45+00:00\",\"dateModified\":\"2026-03-30T07:29:30+00:00\",\"breadcrumb\":{\"@id\":\"https:\\\/\\\/www.salas.plus\\\/ca\\\/grup-salas-adquireix-i-acr-adquireixen-empresa-banys-industrialitzats-modulbath\\\/#breadcrumb\"},\"inLanguage\":\"ca\",\"potentialAction\":[{\"@type\":\"ReadAction\",\"target\":[\"https:\\\/\\\/www.salas.plus\\\/ca\\\/grup-salas-adquireix-i-acr-adquireixen-empresa-banys-industrialitzats-modulbath\\\/\"]}]},{\"@type\":\"ImageObject\",\"inLanguage\":\"ca\",\"@id\":\"https:\\\/\\\/www.salas.plus\\\/ca\\\/grup-salas-adquireix-i-acr-adquireixen-empresa-banys-industrialitzats-modulbath\\\/#primaryimage\",\"url\":\"https:\\\/\\\/www.salas.plus\\\/wp-content\\\/uploads\\\/2025\\\/11\\\/Blog-img-destacada-Grupo-SALAS-adquiere-junto-a-ACR-el-50-de-participacion-de-Modulbath-1.png\",\"contentUrl\":\"https:\\\/\\\/www.salas.plus\\\/wp-content\\\/uploads\\\/2025\\\/11\\\/Blog-img-destacada-Grupo-SALAS-adquiere-junto-a-ACR-el-50-de-participacion-de-Modulbath-1.png\",\"width\":1024,\"height\":768},{\"@type\":\"BreadcrumbList\",\"@id\":\"https:\\\/\\\/www.salas.plus\\\/ca\\\/grup-salas-adquireix-i-acr-adquireixen-empresa-banys-industrialitzats-modulbath\\\/#breadcrumb\",\"itemListElement\":[{\"@type\":\"ListItem\",\"position\":1,\"name\":\"Home\",\"item\":\"https:\\\/\\\/www.salas.plus\\\/ca\\\/\"},{\"@type\":\"ListItem\",\"position\":2,\"name\":\"Grup SALAS i ACR adquireixen l\u2019empresa de banys industrialitzats Modulbath\"}]},{\"@type\":\"WebSite\",\"@id\":\"https:\\\/\\\/www.salas.plus\\\/#website\",\"url\":\"https:\\\/\\\/www.salas.plus\\\/\",\"name\":\"SALAS\",\"description\":\"Experts en gesti\u00f3 immobili\u00e0ria\",\"publisher\":{\"@id\":\"https:\\\/\\\/www.salas.plus\\\/#organization\"},\"potentialAction\":[{\"@type\":\"SearchAction\",\"target\":{\"@type\":\"EntryPoint\",\"urlTemplate\":\"https:\\\/\\\/www.salas.plus\\\/?s={search_term_string}\"},\"query-input\":{\"@type\":\"PropertyValueSpecification\",\"valueRequired\":true,\"valueName\":\"search_term_string\"}}],\"inLanguage\":\"ca\"},{\"@type\":\"Organization\",\"@id\":\"https:\\\/\\\/www.salas.plus\\\/#organization\",\"name\":\"Salas\",\"url\":\"https:\\\/\\\/www.salas.plus\\\/\",\"logo\":{\"@type\":\"ImageObject\",\"inLanguage\":\"ca\",\"@id\":\"https:\\\/\\\/www.salas.plus\\\/#\\\/schema\\\/logo\\\/image\\\/\",\"url\":\"https:\\\/\\\/www.salas.plus\\\/wp-content\\\/uploads\\\/2021\\\/02\\\/Logo_SALAS_Vertical.jpg\",\"contentUrl\":\"https:\\\/\\\/www.salas.plus\\\/wp-content\\\/uploads\\\/2021\\\/02\\\/Logo_SALAS_Vertical.jpg\",\"width\":122,\"height\":112,\"caption\":\"Salas\"},\"image\":{\"@id\":\"https:\\\/\\\/www.salas.plus\\\/#\\\/schema\\\/logo\\\/image\\\/\"}},{\"@type\":\"Person\",\"@id\":\"https:\\\/\\\/www.salas.plus\\\/#\\\/schema\\\/person\\\/c2855be104a7d27305dce9c4bfbbdf9d\",\"name\":\"Silvia Vera\",\"image\":{\"@type\":\"ImageObject\",\"inLanguage\":\"ca\",\"@id\":\"https:\\\/\\\/secure.gravatar.com\\\/avatar\\\/c69270837f7e40ea712682c9ff866a129431602112a9ce8e0b8530f7dbfad5d6?s=96&d=mm&r=g\",\"url\":\"https:\\\/\\\/secure.gravatar.com\\\/avatar\\\/c69270837f7e40ea712682c9ff866a129431602112a9ce8e0b8530f7dbfad5d6?s=96&d=mm&r=g\",\"contentUrl\":\"https:\\\/\\\/secure.gravatar.com\\\/avatar\\\/c69270837f7e40ea712682c9ff866a129431602112a9ce8e0b8530f7dbfad5d6?s=96&d=mm&r=g\",\"caption\":\"Silvia Vera\"},\"url\":\"https:\\\/\\\/www.salas.plus\\\/ca\\\/author\\\/silvia-vera\\\/\"}]}<\/script>\n<!-- \/ Yoast SEO plugin. -->","yoast_head_json":{"title":"Grup SALAS i ACR adquireixen l\u2019empresa de banys industrialitzats Modulbath - SALAS","robots":{"index":"index","follow":"follow","max-snippet":"max-snippet:-1","max-image-preview":"max-image-preview:large","max-video-preview":"max-video-preview:-1"},"canonical":"https:\/\/www.salas.plus\/ca\/grup-salas-adquireix-i-acr-adquireixen-empresa-banys-industrialitzats-modulbath\/","og_locale":"ca_ES","og_type":"article","og_title":"Grup SALAS i ACR adquireixen l\u2019empresa de banys industrialitzats Modulbath - SALAS","og_url":"https:\/\/www.salas.plus\/ca\/grup-salas-adquireix-i-acr-adquireixen-empresa-banys-industrialitzats-modulbath\/","og_site_name":"SALAS","article_published_time":"2025-11-26T11:00:45+00:00","article_modified_time":"2026-03-30T07:29:30+00:00","og_image":[{"width":1024,"height":768,"url":"https:\/\/www.salas.plus\/wp-content\/uploads\/2025\/11\/Blog-img-destacada-Grupo-SALAS-adquiere-junto-a-ACR-el-50-de-participacion-de-Modulbath-1.png","type":"image\/png"}],"author":"Silvia Vera","twitter_card":"summary_large_image","twitter_misc":{"Escrit per":"Silvia Vera","Temps estimat de lectura":"4 minuts"},"schema":{"@context":"https:\/\/schema.org","@graph":[{"@type":"Article","@id":"https:\/\/www.salas.plus\/ca\/grup-salas-adquireix-i-acr-adquireixen-empresa-banys-industrialitzats-modulbath\/#article","isPartOf":{"@id":"https:\/\/www.salas.plus\/ca\/grup-salas-adquireix-i-acr-adquireixen-empresa-banys-industrialitzats-modulbath\/"},"author":{"name":"Silvia Vera","@id":"https:\/\/www.salas.plus\/#\/schema\/person\/c2855be104a7d27305dce9c4bfbbdf9d"},"headline":"Grup SALAS i ACR adquireixen l\u2019empresa de banys industrialitzats Modulbath","datePublished":"2025-11-26T11:00:45+00:00","dateModified":"2026-03-30T07:29:30+00:00","mainEntityOfPage":{"@id":"https:\/\/www.salas.plus\/ca\/grup-salas-adquireix-i-acr-adquireixen-empresa-banys-industrialitzats-modulbath\/"},"wordCount":2547,"publisher":{"@id":"https:\/\/www.salas.plus\/#organization"},"image":{"@id":"https:\/\/www.salas.plus\/ca\/grup-salas-adquireix-i-acr-adquireixen-empresa-banys-industrialitzats-modulbath\/#primaryimage"},"thumbnailUrl":"https:\/\/www.salas.plus\/wp-content\/uploads\/2025\/11\/Blog-img-destacada-Grupo-SALAS-adquiere-junto-a-ACR-el-50-de-participacion-de-Modulbath-1.png","articleSection":["Actualitat","Grup SALAS"],"inLanguage":"ca"},{"@type":"WebPage","@id":"https:\/\/www.salas.plus\/ca\/grup-salas-adquireix-i-acr-adquireixen-empresa-banys-industrialitzats-modulbath\/","url":"https:\/\/www.salas.plus\/ca\/grup-salas-adquireix-i-acr-adquireixen-empresa-banys-industrialitzats-modulbath\/","name":"Grup SALAS i ACR adquireixen l\u2019empresa de banys industrialitzats Modulbath - SALAS","isPartOf":{"@id":"https:\/\/www.salas.plus\/#website"},"primaryImageOfPage":{"@id":"https:\/\/www.salas.plus\/ca\/grup-salas-adquireix-i-acr-adquireixen-empresa-banys-industrialitzats-modulbath\/#primaryimage"},"image":{"@id":"https:\/\/www.salas.plus\/ca\/grup-salas-adquireix-i-acr-adquireixen-empresa-banys-industrialitzats-modulbath\/#primaryimage"},"thumbnailUrl":"https:\/\/www.salas.plus\/wp-content\/uploads\/2025\/11\/Blog-img-destacada-Grupo-SALAS-adquiere-junto-a-ACR-el-50-de-participacion-de-Modulbath-1.png","datePublished":"2025-11-26T11:00:45+00:00","dateModified":"2026-03-30T07:29:30+00:00","breadcrumb":{"@id":"https:\/\/www.salas.plus\/ca\/grup-salas-adquireix-i-acr-adquireixen-empresa-banys-industrialitzats-modulbath\/#breadcrumb"},"inLanguage":"ca","potentialAction":[{"@type":"ReadAction","target":["https:\/\/www.salas.plus\/ca\/grup-salas-adquireix-i-acr-adquireixen-empresa-banys-industrialitzats-modulbath\/"]}]},{"@type":"ImageObject","inLanguage":"ca","@id":"https:\/\/www.salas.plus\/ca\/grup-salas-adquireix-i-acr-adquireixen-empresa-banys-industrialitzats-modulbath\/#primaryimage","url":"https:\/\/www.salas.plus\/wp-content\/uploads\/2025\/11\/Blog-img-destacada-Grupo-SALAS-adquiere-junto-a-ACR-el-50-de-participacion-de-Modulbath-1.png","contentUrl":"https:\/\/www.salas.plus\/wp-content\/uploads\/2025\/11\/Blog-img-destacada-Grupo-SALAS-adquiere-junto-a-ACR-el-50-de-participacion-de-Modulbath-1.png","width":1024,"height":768},{"@type":"BreadcrumbList","@id":"https:\/\/www.salas.plus\/ca\/grup-salas-adquireix-i-acr-adquireixen-empresa-banys-industrialitzats-modulbath\/#breadcrumb","itemListElement":[{"@type":"ListItem","position":1,"name":"Home","item":"https:\/\/www.salas.plus\/ca\/"},{"@type":"ListItem","position":2,"name":"Grup SALAS i ACR adquireixen l\u2019empresa de banys industrialitzats Modulbath"}]},{"@type":"WebSite","@id":"https:\/\/www.salas.plus\/#website","url":"https:\/\/www.salas.plus\/","name":"SALAS","description":"Experts en gesti\u00f3 immobili\u00e0ria","publisher":{"@id":"https:\/\/www.salas.plus\/#organization"},"potentialAction":[{"@type":"SearchAction","target":{"@type":"EntryPoint","urlTemplate":"https:\/\/www.salas.plus\/?s={search_term_string}"},"query-input":{"@type":"PropertyValueSpecification","valueRequired":true,"valueName":"search_term_string"}}],"inLanguage":"ca"},{"@type":"Organization","@id":"https:\/\/www.salas.plus\/#organization","name":"Salas","url":"https:\/\/www.salas.plus\/","logo":{"@type":"ImageObject","inLanguage":"ca","@id":"https:\/\/www.salas.plus\/#\/schema\/logo\/image\/","url":"https:\/\/www.salas.plus\/wp-content\/uploads\/2021\/02\/Logo_SALAS_Vertical.jpg","contentUrl":"https:\/\/www.salas.plus\/wp-content\/uploads\/2021\/02\/Logo_SALAS_Vertical.jpg","width":122,"height":112,"caption":"Salas"},"image":{"@id":"https:\/\/www.salas.plus\/#\/schema\/logo\/image\/"}},{"@type":"Person","@id":"https:\/\/www.salas.plus\/#\/schema\/person\/c2855be104a7d27305dce9c4bfbbdf9d","name":"Silvia Vera","image":{"@type":"ImageObject","inLanguage":"ca","@id":"https:\/\/secure.gravatar.com\/avatar\/c69270837f7e40ea712682c9ff866a129431602112a9ce8e0b8530f7dbfad5d6?s=96&d=mm&r=g","url":"https:\/\/secure.gravatar.com\/avatar\/c69270837f7e40ea712682c9ff866a129431602112a9ce8e0b8530f7dbfad5d6?s=96&d=mm&r=g","contentUrl":"https:\/\/secure.gravatar.com\/avatar\/c69270837f7e40ea712682c9ff866a129431602112a9ce8e0b8530f7dbfad5d6?s=96&d=mm&r=g","caption":"Silvia Vera"},"url":"https:\/\/www.salas.plus\/ca\/author\/silvia-vera\/"}]}},"_links":{"self":[{"href":"https:\/\/www.salas.plus\/ca\/wp-json\/wp\/v2\/posts\/63027","targetHints":{"allow":["GET"]}}],"collection":[{"href":"https:\/\/www.salas.plus\/ca\/wp-json\/wp\/v2\/posts"}],"about":[{"href":"https:\/\/www.salas.plus\/ca\/wp-json\/wp\/v2\/types\/post"}],"author":[{"embeddable":true,"href":"https:\/\/www.salas.plus\/ca\/wp-json\/wp\/v2\/users\/12"}],"replies":[{"embeddable":true,"href":"https:\/\/www.salas.plus\/ca\/wp-json\/wp\/v2\/comments?post=63027"}],"version-history":[{"count":8,"href":"https:\/\/www.salas.plus\/ca\/wp-json\/wp\/v2\/posts\/63027\/revisions"}],"predecessor-version":[{"id":64704,"href":"https:\/\/www.salas.plus\/ca\/wp-json\/wp\/v2\/posts\/63027\/revisions\/64704"}],"wp:featuredmedia":[{"embeddable":true,"href":"https:\/\/www.salas.plus\/ca\/wp-json\/wp\/v2\/media\/63158"}],"wp:attachment":[{"href":"https:\/\/www.salas.plus\/ca\/wp-json\/wp\/v2\/media?parent=63027"}],"wp:term":[{"taxonomy":"category","embeddable":true,"href":"https:\/\/www.salas.plus\/ca\/wp-json\/wp\/v2\/categories?post=63027"},{"taxonomy":"post_tag","embeddable":true,"href":"https:\/\/www.salas.plus\/ca\/wp-json\/wp\/v2\/tags?post=63027"}],"curies":[{"name":"wp","href":"https:\/\/api.w.org\/{rel}","templated":true}]}}